{"id":294925,"date":"2023-07-05T11:21:38","date_gmt":"2023-07-05T11:21:38","guid":{"rendered":"https:\/\/lightsourcebp.com\/?p=294925"},"modified":"2023-07-24T16:02:35","modified_gmt":"2023-07-24T16:02:35","slug":"294925","status":"publish","type":"post","link":"https:\/\/lightsourcebp.com\/pt\/news\/294925\/","title":{"rendered":"Portugal: Energyear 2023 Sponsorship"},"content":{"rendered":"<section class=\"block-page-title bg-color-white\">\n  <div class=\"pt-60 pt-lg-100\"><\/div>\n\n  <div class=\"container\">\n    <div class=\"row\">\n      <div class=\"col-12\">\n                <h1 class=\"fg-color-gradient\">Portugal: Energyear 2023 Sponsorship <\/h1>\n      <\/div>\n    <\/div>\n  <\/div>\n\n  <div class=\"pt-60 pt-lg-100\"><\/div>\n<\/section>\n  \n\n\n<section class=\"banner-single position-relative\">\n  <div class=\"container-fluid\">\n    <div class=\"row\">\n      <div class=\"col-12 px-0\">\n                <div class=\"position-relative w-100 h-100 aspect-ratio-banner object-fit-cover\">\n          <picture>\n                    <source srcset=\"https:\/\/lightsourcebp.com\/app\/uploads\/2023\/07\/Primrose-hill-aspect-ratio-417-234-450x253.jpg, https:\/\/lightsourcebp.com\/app\/uploads\/2023\/07\/Primrose-hill-aspect-ratio-417-234-1000x561.jpg 2x\"\n                          media=\"(max-width: 575px)\">\n                    <source srcset=\"https:\/\/lightsourcebp.com\/app\/uploads\/2023\/06\/Primrose-hill-1000x625.jpg, https:\/\/lightsourcebp.com\/app\/uploads\/2023\/06\/Primrose-hill-1920x1200.jpg 2x\"\n                          media=\"(min-width: 576px) and (max-width: 991px)\">\n                    <source srcset=\"https:\/\/lightsourcebp.com\/app\/uploads\/2023\/06\/Primrose-hill.jpg, https:\/\/lightsourcebp.com\/app\/uploads\/2023\/06\/Primrose-hill.jpg 2x\"\n                          media=\"(min-width: 992px)\">\n                    <img loading=\"lazy\" decoding=\"async\" src=\"https:\/\/lightsourcebp.com\/app\/uploads\/2023\/06\/Primrose-hill.jpg\" alt=\"\"\n                       srcset=\"https:\/\/lightsourcebp.com\/app\/uploads\/2023\/06\/Primrose-hill.jpg 2x\"\n                       sizes=\"auto, 100vw\"\n                       class=\"position-absolute w-100 h-100 left-0 top-0 object-fit-cover\"\n                       width=\"2560\"\n                       height=\"1600\">\n                <\/picture>\n        <\/div>\n              <\/div>\n    <\/div>\n  <\/div>\n<\/section>\n\n\n<section class=\"text align block_e62d2d85ba35973c6d1693ef4eba42da block bg-color-white position-relative z-1 overflow-hidden\">\n    <div class=\"pt-60 pt-lg-100\"><\/div>\n\n  \n  <div class=\"container \">\n    <div class=\"row\">\n      <div class=\"col-12\">\n        <span class=\"rich-text standard-text fg-color-navy\">\n          <p>A Lightsource bp, l\u00edder mundial no desenvolvimento e gest\u00e3o de projetos de energia solar, junta-se ao evento Energyear Portugal 2023, para debater a urg\u00eancia da transi\u00e7\u00e3o energ\u00e9tica.<\/p>\n<p>Com as altera\u00e7\u00f5es clim\u00e1ticas, o imperativo da descarboniza\u00e7\u00e3o da energia e a perda de biodiversidade, acreditamos que o mundo necessita de satisfazer a crescente procura de energia atrav\u00e9s de medidas inteligentes e sustent\u00e1veis. Neste sentido, estamos a re-imaginar a energia e a promover uma verdadeira mudan\u00e7a no panorama energ\u00e9tico. \u00c9 por isso que em Portugal, a Lightsource bp trabalha de perto com as comunidades locais, empresas e propriet\u00e1rios de terrenos para desenvolver projetos que geram energia solar. A energia solar \u00e9 a fonte renov\u00e1vel de crescimento mais r\u00e1pida, a pre\u00e7os competitivos e fi\u00e1veis para empresas e comunidades em todo o pa\u00eds.<\/p>\n<p>A Lightsource bp faz parte do painel de oradores que v\u00e3o marcar presen\u00e7a no Energyear Portugal 2023, onde estar\u00e1 representada por Miguel Lobo, respons\u00e1vel pelo mercado nacional, que se juntar\u00e1 \u00e0 an\u00e1lise \u201cAcelerar a transi\u00e7\u00e3o energ\u00e9tica em Portugal: oportunidades, desafios e objetivos das energias renovaveis\u201d.<\/p>\n<p>Numa \u00e9poca marcada pela necessidade urgente de fontes de energia limpas e sustent\u00e1veis, a energia solar emergiu como um dos principais candidatos para transformar o cen\u00e1rio energ\u00e9tico global. O poder inesgot\u00e1vel do sol tem um imenso potencial para abordar tanto as preocupa\u00e7\u00f5es de seguran\u00e7a energ\u00e9tica quanto as metas de sustentabilidade ambiental. A energia solar \u00e9 um fator real a ter em conta para alcan\u00e7ar a seguran\u00e7a energ\u00e9tica e promover um futuro sustent\u00e1vel e Portugal est\u00e1 na linha da frente deste processo. Com mais de 3.000 horas de luz solar por ano, Portugal est\u00e1 bem posicionado para liderar esta transi\u00e7\u00e3o.<\/p>\n<p>Ao incorporar a energia solar no portef\u00f3lio de gera\u00e7\u00e3o de energia, Portugal reduz a sua depend\u00eancia de combust\u00edveis f\u00f3sseis finitos, aumentando assim a seguran\u00e7a energ\u00e9tica e reduzindo a vulnerabilidade a flutua\u00e7\u00f5es de pre\u00e7os e tens\u00f5es geopol\u00edticas como as que estamos a viver atualmente, causadas pela guerra na Europa.<\/p>\n<p>Os pain\u00e9is solares podem ser instalados praticamente em qualquer lugar e esta descentraliza\u00e7\u00e3o aumenta a seguran\u00e7a energ\u00e9tica, reduzindo a depend\u00eancia de redes el\u00e9tricas centralizadas e tornando a eletricidade acess\u00edvel em \u00e1reas remotas ou mal servidas, com o aumento do benef\u00edcio de menor impacto nos ecossistemas, contribuindo mesmo para um ganho l\u00edquido de biodiversidade. A energia solar depende de um recurso abundante e inesgot\u00e1vel: o sol.<\/p>\n<p>O seu potencial \u00e9 praticamente ilimitado, garantindo um aprovisionamento energ\u00e9tico seguro e a longo prazo. Ao aproveitar a energia solar, podemos reduzir significativamente a nossa pegada de carbono e mitigar os impactos das altera\u00e7\u00f5es clim\u00e1ticas. Al\u00e9m disso, sem emitir gases nocivos com efeito de estufa ou outros poluentes, a energia solar desempenha um papel vital no combate \u00e0s altera\u00e7\u00f5es clim\u00e1ticas, transferindo a produ\u00e7\u00e3o de energia baseada em combust\u00edveis f\u00f3sseis, que contribui significativamente para as emiss\u00f5es globais de carbono.<\/p>\n\n        <\/span>\n      <\/div>\n    <\/div>\n  <\/div>\n\n  <div class=\"pt-60 pt-lg-100\"><\/div>\n<\/section>\n\n\n<section class=\"multi-column-cards align block_6084dd174292b099459eebcc38c6de9e block bg-color-white\">\n  <div class=\"pt-60 pt-lg-100\"><\/div>\n\n  <div class=\"container\">\n    <div class=\"row\">\n      <div class=\"col-12\">\n                <h3 class=\"mb-35\"><\/h3>\n      <\/div>\n    <\/div>\n    <div class=\"row\">\n                        <div class=\"col-12 col-lg-4 mb-30\">\n  <div class=\"multi-column-cards__image-container h-300px h-lg-250px\">\n    <a href=\"https:\/\/lightsourcebp.com\/pt\/news\/dia-da-terra-todos-os-dias-atraves-da-nossa-abordagem-de-desenvolvimento-responsavel\/\" class=\"d-block w-100 h-100\">\n      <picture><source srcset=\"https:\/\/lightsourcebp.com\/app\/uploads\/2026\/04\/GLB-Earth-Day-2026-Banner-1-10-aspect-ratio-315-195-1200x743.webp 1200w, https:\/\/lightsourcebp.com\/app\/uploads\/2026\/04\/GLB-Earth-Day-2026-Banner-1-10-aspect-ratio-315-195-300x186.webp 300w, https:\/\/lightsourcebp.com\/app\/uploads\/2026\/04\/GLB-Earth-Day-2026-Banner-1-10-aspect-ratio-315-195-1024x634.webp 1024w, https:\/\/lightsourcebp.com\/app\/uploads\/2026\/04\/GLB-Earth-Day-2026-Banner-1-10-aspect-ratio-315-195-80x50.webp 80w, https:\/\/lightsourcebp.com\/app\/uploads\/2026\/04\/GLB-Earth-Day-2026-Banner-1-10-aspect-ratio-315-195-150x93.webp 150w, https:\/\/lightsourcebp.com\/app\/uploads\/2026\/04\/GLB-Earth-Day-2026-Banner-1-10-aspect-ratio-315-195-450x279.webp 450w, https:\/\/lightsourcebp.com\/app\/uploads\/2026\/04\/GLB-Earth-Day-2026-Banner-1-10-aspect-ratio-315-195-767x475.webp 767w, https:\/\/lightsourcebp.com\/app\/uploads\/2026\/04\/GLB-Earth-Day-2026-Banner-1-10-aspect-ratio-315-195-1000x619.webp 1000w, https:\/\/lightsourcebp.com\/app\/uploads\/2026\/04\/GLB-Earth-Day-2026-Banner-1-10-aspect-ratio-315-195.webp 1292w\" sizes=\"\"><img loading=\"lazy\" decoding=\"async\" src=\"https:\/\/lightsourcebp.com\/app\/uploads\/2026\/04\/GLB-Earth-Day-2026-Banner-1-10-aspect-ratio-315-195-1200x743.webp\" alt=\"\" width=\"1200\" height=\"743\" class=\"w-100 h-100 object-fit-cover\"><\/picture>\n    <\/a>\n  <\/div>\n      <p class=\"mt-20 mb-10 font-size-paragraph-small\">22 Apr, 2026<\/p>\n    <a class=\"text-decoration-none text-decoration-sm-underline-hover\" href=\"https:\/\/lightsourcebp.com\/pt\/news\/dia-da-terra-todos-os-dias-atraves-da-nossa-abordagem-de-desenvolvimento-responsavel\/\">\n    <h5 class=\"mb-15 fg-color-navy\">Dia da Terra, todos os dias: Atrav\u00e9s da nossa abordagem de desenvolvimento respons\u00e1vel<\/h5>\n  <\/a>\n      <p class=\"mb-15 line-height-level-6\">Este ano, o tema &quot;O Nosso Poder, O Nosso Planeta&quot; apela a indiv\u00edduos, comunidades e organiza\u00e7\u00f5es a promover o progresso ambiental atrav\u00e9s de a\u00e7\u00f5es di\u00e1rias. <\/p>\n    <p><a href=\"https:\/\/lightsourcebp.com\/pt\/news\/dia-da-terra-todos-os-dias-atraves-da-nossa-abordagem-de-desenvolvimento-responsavel\/\">Leia a hist\u00f3ria <span class=\"ml-10\"><svg xmlns=\"http:\/\/www.w3.org\/2000\/svg\" width=\"8\" height=\"14\" fill=\"none\"><path stroke=\"currentColor\" stroke-linecap=\"round\" stroke-linejoin=\"round\" stroke-width=\"2\" d=\"M1 13l6-6-6-6\"\/><\/svg><\/span><\/a><\/p>\n<\/div>\n                  <div class=\"col-12 col-lg-4 mb-30\">\n  <div class=\"multi-column-cards__image-container h-300px h-lg-250px\">\n    <a href=\"https:\/\/lightsourcebp.com\/pt\/news\/sinergia-no-uso-do-solo-agricultura-apicultura-e-energia-renovavel-em-harmonia\/\" class=\"d-block w-100 h-100\">\n      <picture><source srcset=\"https:\/\/lightsourcebp.com\/app\/uploads\/2026\/04\/PT-Sinergia-no-uso-do-solo-banner-aspect-ratio-315-195-1200x743.jpg 1200w, https:\/\/lightsourcebp.com\/app\/uploads\/2026\/04\/PT-Sinergia-no-uso-do-solo-banner-aspect-ratio-315-195-300x186.jpg 300w, https:\/\/lightsourcebp.com\/app\/uploads\/2026\/04\/PT-Sinergia-no-uso-do-solo-banner-aspect-ratio-315-195-1024x634.jpg 1024w, https:\/\/lightsourcebp.com\/app\/uploads\/2026\/04\/PT-Sinergia-no-uso-do-solo-banner-aspect-ratio-315-195-80x50.jpg 80w, https:\/\/lightsourcebp.com\/app\/uploads\/2026\/04\/PT-Sinergia-no-uso-do-solo-banner-aspect-ratio-315-195-150x93.jpg 150w, https:\/\/lightsourcebp.com\/app\/uploads\/2026\/04\/PT-Sinergia-no-uso-do-solo-banner-aspect-ratio-315-195-450x279.jpg 450w, https:\/\/lightsourcebp.com\/app\/uploads\/2026\/04\/PT-Sinergia-no-uso-do-solo-banner-aspect-ratio-315-195-767x475.jpg 767w, https:\/\/lightsourcebp.com\/app\/uploads\/2026\/04\/PT-Sinergia-no-uso-do-solo-banner-aspect-ratio-315-195-1000x619.jpg 1000w, https:\/\/lightsourcebp.com\/app\/uploads\/2026\/04\/PT-Sinergia-no-uso-do-solo-banner-aspect-ratio-315-195.jpg 1292w\" sizes=\"\"><img loading=\"lazy\" decoding=\"async\" src=\"https:\/\/lightsourcebp.com\/app\/uploads\/2026\/04\/PT-Sinergia-no-uso-do-solo-banner-aspect-ratio-315-195-1200x743.jpg\" alt=\"\" width=\"1200\" height=\"743\" class=\"w-100 h-100 object-fit-cover\"><\/picture>\n    <\/a>\n  <\/div>\n      <p class=\"mt-20 mb-10 font-size-paragraph-small\">16 Apr, 2026<\/p>\n    <a class=\"text-decoration-none text-decoration-sm-underline-hover\" href=\"https:\/\/lightsourcebp.com\/pt\/news\/sinergia-no-uso-do-solo-agricultura-apicultura-e-energia-renovavel-em-harmonia\/\">\n    <h5 class=\"mb-15 fg-color-navy\">Sinergia no uso do solo: agricultura, apicultura e energia renov\u00e1vel em harmonia<\/h5>\n  <\/a>\n      <p class=\"mb-15 line-height-level-6\">A integra\u00e7\u00e3o de agricultura, apicultura e energia solar pode promover biodiversidade, apoiar polinizadores e criar sinergias no uso do solo em paisagens rurais. <\/p>\n    <p><a href=\"https:\/\/lightsourcebp.com\/pt\/news\/sinergia-no-uso-do-solo-agricultura-apicultura-e-energia-renovavel-em-harmonia\/\">Leia a hist\u00f3ria <span class=\"ml-10\"><svg xmlns=\"http:\/\/www.w3.org\/2000\/svg\" width=\"8\" height=\"14\" fill=\"none\"><path stroke=\"currentColor\" stroke-linecap=\"round\" stroke-linejoin=\"round\" stroke-width=\"2\" d=\"M1 13l6-6-6-6\"\/><\/svg><\/span><\/a><\/p>\n<\/div>\n                  <div class=\"col-12 col-lg-4 mb-30\">\n  <div class=\"multi-column-cards__image-container h-300px h-lg-250px\">\n    <a href=\"https:\/\/lightsourcebp.com\/pt\/news\/projetos-solares-centralizados-e-paisagem-como-pode-o-design-minimizar-o-impacto-visual-e-ambiental\/\" class=\"d-block w-100 h-100\">\n      <picture><source srcset=\"https:\/\/lightsourcebp.com\/app\/uploads\/2026\/04\/Projetos-solares-centralizados-e-paisagem-Banner-1-aspect-ratio-315-195-1200x743.jpg 1200w, https:\/\/lightsourcebp.com\/app\/uploads\/2026\/04\/Projetos-solares-centralizados-e-paisagem-Banner-1-aspect-ratio-315-195-300x186.jpg 300w, https:\/\/lightsourcebp.com\/app\/uploads\/2026\/04\/Projetos-solares-centralizados-e-paisagem-Banner-1-aspect-ratio-315-195-1024x634.jpg 1024w, https:\/\/lightsourcebp.com\/app\/uploads\/2026\/04\/Projetos-solares-centralizados-e-paisagem-Banner-1-aspect-ratio-315-195-80x50.jpg 80w, https:\/\/lightsourcebp.com\/app\/uploads\/2026\/04\/Projetos-solares-centralizados-e-paisagem-Banner-1-aspect-ratio-315-195-150x93.jpg 150w, https:\/\/lightsourcebp.com\/app\/uploads\/2026\/04\/Projetos-solares-centralizados-e-paisagem-Banner-1-aspect-ratio-315-195-450x279.jpg 450w, https:\/\/lightsourcebp.com\/app\/uploads\/2026\/04\/Projetos-solares-centralizados-e-paisagem-Banner-1-aspect-ratio-315-195-767x475.jpg 767w, https:\/\/lightsourcebp.com\/app\/uploads\/2026\/04\/Projetos-solares-centralizados-e-paisagem-Banner-1-aspect-ratio-315-195-1000x619.jpg 1000w, https:\/\/lightsourcebp.com\/app\/uploads\/2026\/04\/Projetos-solares-centralizados-e-paisagem-Banner-1-aspect-ratio-315-195.jpg 1292w\" sizes=\"\"><img loading=\"lazy\" decoding=\"async\" src=\"https:\/\/lightsourcebp.com\/app\/uploads\/2026\/04\/Projetos-solares-centralizados-e-paisagem-Banner-1-aspect-ratio-315-195-1200x743.jpg\" alt=\"\" width=\"1200\" height=\"743\" class=\"w-100 h-100 object-fit-cover\"><\/picture>\n    <\/a>\n  <\/div>\n      <p class=\"mt-20 mb-10 font-size-paragraph-small\">26 Mar, 2026<\/p>\n    <a class=\"text-decoration-none text-decoration-sm-underline-hover\" href=\"https:\/\/lightsourcebp.com\/pt\/news\/projetos-solares-centralizados-e-paisagem-como-pode-o-design-minimizar-o-impacto-visual-e-ambiental\/\">\n    <h5 class=\"mb-15 fg-color-navy\">Projetos solares centralizados e paisagem: como pode o design minimizar o impacto visual e ambiental?<\/h5>\n  <\/a>\n      <p class=\"mb-15 line-height-level-6\">Como integrar infraestruturas energ\u00e9ticas no territ\u00f3rio de forma equilibrada? A resposta depende menos da dimens\u00e3o e mais do desenho.<\/p>\n    <p><a href=\"https:\/\/lightsourcebp.com\/pt\/news\/projetos-solares-centralizados-e-paisagem-como-pode-o-design-minimizar-o-impacto-visual-e-ambiental\/\">Leia a hist\u00f3ria <span class=\"ml-10\"><svg xmlns=\"http:\/\/www.w3.org\/2000\/svg\" width=\"8\" height=\"14\" fill=\"none\"><path stroke=\"currentColor\" stroke-linecap=\"round\" stroke-linejoin=\"round\" stroke-width=\"2\" d=\"M1 13l6-6-6-6\"\/><\/svg><\/span><\/a><\/p>\n<\/div>\n                  <\/div>\n  <\/div>\n\n  <div class=\"pt-60 pt-lg-100\"><\/div>\n<\/section>\n","protected":false},"excerpt":{"rendered":"","protected":false},"author":33,"featured_media":0,"comment_status":"open","ping_status":"open","sticky":false,"template":"","format":"standard","meta":{"_acf_changed":false,"inline_featured_image":false,"footnotes":""},"categories":[644],"tags":[],"filter_by":[],"filter_tags":[],"class_list":["post-294925","post","type-post","status-publish","format-standard","hentry","category-uncategorized-pt"],"acf":[],"aioseo_notices":[],"_links":{"self":[{"href":"https:\/\/lightsourcebp.com\/pt\/wp-json\/wp\/v2\/posts\/294925","targetHints":{"allow":["GET"]}}],"collection":[{"href":"https:\/\/lightsourcebp.com\/pt\/wp-json\/wp\/v2\/posts"}],"about":[{"href":"https:\/\/lightsourcebp.com\/pt\/wp-json\/wp\/v2\/types\/post"}],"author":[{"embeddable":true,"href":"https:\/\/lightsourcebp.com\/pt\/wp-json\/wp\/v2\/users\/33"}],"replies":[{"embeddable":true,"href":"https:\/\/lightsourcebp.com\/pt\/wp-json\/wp\/v2\/comments?post=294925"}],"version-history":[{"count":25,"href":"https:\/\/lightsourcebp.com\/pt\/wp-json\/wp\/v2\/posts\/294925\/revisions"}],"predecessor-version":[{"id":300385,"href":"https:\/\/lightsourcebp.com\/pt\/wp-json\/wp\/v2\/posts\/294925\/revisions\/300385"}],"wp:attachment":[{"href":"https:\/\/lightsourcebp.com\/pt\/wp-json\/wp\/v2\/media?parent=294925"}],"wp:term":[{"taxonomy":"category","embeddable":true,"href":"https:\/\/lightsourcebp.com\/pt\/wp-json\/wp\/v2\/categories?post=294925"},{"taxonomy":"post_tag","embeddable":true,"href":"https:\/\/lightsourcebp.com\/pt\/wp-json\/wp\/v2\/tags?post=294925"},{"taxonomy":"filter_by","embeddable":true,"href":"https:\/\/lightsourcebp.com\/pt\/wp-json\/wp\/v2\/filter_by?post=294925"},{"taxonomy":"filter_tags","embeddable":true,"href":"https:\/\/lightsourcebp.com\/pt\/wp-json\/wp\/v2\/filter_tags?post=294925"}],"curies":[{"name":"wp","href":"https:\/\/api.w.org\/{rel}","templated":true}]}}