{"id":489520,"date":"2026-09-02T10:43:32","date_gmt":"2026-09-02T10:43:32","guid":{"rendered":"https:\/\/lightsourcebp.com\/?p=489520"},"modified":"2026-09-02T10:43:33","modified_gmt":"2026-09-02T10:43:33","slug":"lightsource-bp-promove-iniciativa-de-autoconsumo-coletivo-para-as-comunidades-da-beira-baixa","status":"publish","type":"post","link":"https:\/\/lightsourcebp.com\/pt\/news\/lightsource-bp-promove-iniciativa-de-autoconsumo-coletivo-para-as-comunidades-da-beira-baixa\/","title":{"rendered":"Lightsource bp promove iniciativa de autoconsumo coletivo para as comunidades da Beira Baixa"},"content":{"rendered":"<div style=\"margin-top: 0px; margin-bottom: 0px;\" class=\"sharethis-inline-share-buttons\" ><\/div><section class=\"block-page-title bg-color-white\">\n  <div class=\"pt-60 pt-lg-100\"><\/div>\n\n  <div class=\"container\">\n    <div class=\"row\">\n      <div class=\"col-12\">\n                <h1 class=\"fg-color-gradient\">Lightsource bp promove iniciativa de autoconsumo coletivo para as comunidades da Beira Baixa<\/h1>\n      <\/div>\n    <\/div>\n  <\/div>\n\n  <div class=\"pt-60 pt-lg-100\"><\/div>\n<\/section>\n  \n\n\n<section class=\"banner-single position-relative\">\n  <div class=\"container-fluid\">\n    <div class=\"row\">\n      <div class=\"col-12 px-0\">\n                <div class=\"position-relative w-100 h-100 aspect-ratio-banner object-fit-cover\">\n          <picture>\n                    <source srcset=\"https:\/\/lightsourcebp.com\/app\/uploads\/2026\/09\/PRT-News-Enermatch-Banner-aspect-ratio-417-234-450x252.jpg, https:\/\/lightsourcebp.com\/app\/uploads\/2026\/09\/PRT-News-Enermatch-Banner-aspect-ratio-417-234-1000x561.jpg 2x\"\n                          media=\"(max-width: 575px)\">\n                    <source srcset=\"https:\/\/lightsourcebp.com\/app\/uploads\/2026\/09\/PRT-News-Enermatch-Banner-1000x400.jpg, https:\/\/lightsourcebp.com\/app\/uploads\/2026\/09\/PRT-News-Enermatch-Banner-1920x768.jpg 2x\"\n                          media=\"(min-width: 576px) and (max-width: 991px)\">\n                    <source srcset=\"https:\/\/lightsourcebp.com\/app\/uploads\/2026\/09\/PRT-News-Enermatch-Banner.jpg, https:\/\/lightsourcebp.com\/app\/uploads\/2026\/09\/PRT-News-Enermatch-Banner.jpg 2x\"\n                          media=\"(min-width: 992px)\">\n                    <img loading=\"lazy\" decoding=\"async\" src=\"https:\/\/lightsourcebp.com\/app\/uploads\/2026\/09\/PRT-News-Enermatch-Banner.jpg\" alt=\"\"\n                       srcset=\"https:\/\/lightsourcebp.com\/app\/uploads\/2026\/09\/PRT-News-Enermatch-Banner.jpg 2x\"\n                       sizes=\"auto, 100vw\"\n                       class=\"position-absolute w-100 h-100 left-0 top-0 object-fit-cover\"\n                       width=\"2000\"\n                       height=\"800\">\n                <\/picture>\n        <\/div>\n              <\/div>\n    <\/div>\n  <\/div>\n<\/section>\n\n\n<section class=\"text align block_acf-block-6a97fdd41c3a8 block bg-color-white position-relative z-1 overflow-hidden\">\n    <div class=\"pt-30 pt-lg-30\"><\/div>\n\n  \n  <div class=\"container \">\n    <div class=\"row\">\n      <div class=\"col-12\">\n        <span class=\"rich-text standard-text fg-color-navy\">\n          <ul>\n<li>Iniciativa desenvolvida em parceria com a Enermatch permitir\u00e1 a fam\u00edlias, empresas e institui\u00e7\u00f5es eleg\u00edveis beneficiar de energia renov\u00e1vel produzida localmente com custos reduzidos na fatura da eletricidade.<\/li>\n<li>Participantes poder\u00e3o aceder \u00e0 energia partilhada sem terem de fazer qualquer investimento nem de instalar pain\u00e9is solares ou baterias nos seus im\u00f3veis.<\/li>\n<\/ul>\n<p><strong>A Lightsource bp anuncia hoje o lan\u00e7amento da LUZ partilhada, uma iniciativa de autoconsumo coletivo, desenvolvida em parceria com a Enermatch.<\/strong> Destinada a reduzir a fatura de eletricidade das comunidades locais situadas nas proximidades do projeto solar Sophia, a LUZ partilhada procura aproximar os benef\u00edcios dos projetos de energia renov\u00e1vel das comunidades vizinhas.<\/p>\n<p>A iniciativa ser\u00e1 implementada nas freguesias abrangidas pelo projeto solar Sophia nos concelhos de Idanha-a-Nova, Penamacor e Fund\u00e3o e permitir\u00e1 que fam\u00edlias, empresas e institui\u00e7\u00f5es de solidariedade social beneficiem de uma tarifa acess\u00edvel, reduzindo a fatura de eletricidade e a sua pegada carb\u00f3nica. Os participantes poder\u00e3o aceder \u00e0 energia partilhada sem terem de fazer qualquer investimento nem de instalar pain\u00e9is solares ou baterias nos seus im\u00f3veis.<\/p>\n<p>Atrav\u00e9s de instala\u00e7\u00f5es fotovoltaicas e baterias dedicadas ao autoconsumo coletivo, a energia produzida ser\u00e1 atribu\u00edda aos consumos dos participantes. A energia partilhada ser\u00e1 disponibilizada a uma tarifa reduzida, criada para permitir uma poupan\u00e7a na componente de energia abrangida pelo autoconsumo. A eventual aprova\u00e7\u00e3o do projeto Sophia, ap\u00f3s sua reformula\u00e7\u00e3o, contribuir\u00e1 ainda para uma redu\u00e7\u00e3o significativa da tarifa cobrada no \u00e2mbito da iniciativa.<br \/>\nO lan\u00e7amento da LUZ partilhada marca a abertura da fase de ades\u00e3o. A atribui\u00e7\u00e3o de energia aos participantes ter\u00e1 in\u00edcio depois da entrada em opera\u00e7\u00e3o das respetivas instala\u00e7\u00f5es.<\/p>\n<p>A iniciativa prev\u00ea uma capacidade de solar fotovoltaica aproximada de 1,5MWp e 3MWh de baterias e tem como objetivo angariar ades\u00f5es residenciais, de empresas e institui\u00e7\u00f5es de solidariedade social. A configura\u00e7\u00e3o final das instala\u00e7\u00f5es ser\u00e1 ajustada ao n\u00famero de participantes e aos respetivos perfis de consumo.<\/p>\n<p>O projeto \u00e9 o resultado da colabora\u00e7\u00e3o estabelecida entre a Lightsource bp e a Enermatch, sendo esta a respons\u00e1vel pela promo\u00e7\u00e3o, desenvolvimento e opera\u00e7\u00e3o t\u00e9cnica das instala\u00e7\u00f5es e gest\u00e3o do autoconsumo coletivo.<\/p>\n<p>\u201c<em>A transi\u00e7\u00e3o energ\u00e9tica ganha for\u00e7a quando os benef\u00edcios associados a grandes projetos permanecem tamb\u00e9m nas comunidades que os recebem. A LUZ partilhada traduz essa ambi\u00e7\u00e3o num modelo volunt\u00e1rio, acess\u00edvel e orientado para a poupan\u00e7a<\/em>\u201d, afirma <strong>Miguel Lobo, Diretor-Geral da Lightsource bp em Portugal.<\/strong><\/p>\n<p>O autoconsumo coletivo complementa os projetos renov\u00e1veis de grande escala. Enquanto estes s\u00e3o essenciais para produzir os volumes de eletricidade necess\u00e1rios para responder \u00e0 procura nacional e \u00e0 crescente eletrifica\u00e7\u00e3o da economia, o autoconsumo coletivo permite aproximar uma parte da produ\u00e7\u00e3o dos consumidores locais.<\/p>\n<p>\u201c<em>O autoconsumo coletivo permite que fam\u00edlias, empresas e institui\u00e7\u00f5es de solidariedade social tenham acesso \u00e0 energia renov\u00e1vel produzida e armazenada nas proximidades sem necessitarem de investir numa instala\u00e7\u00e3o pr\u00f3pria. A Enermatch assegurar\u00e1 a promo\u00e7\u00e3o e toda a componente t\u00e9cnica e operacional da LUZ partilhada, desde a angaria\u00e7\u00e3o dos membros, passando pelo desenvolvimento e opera\u00e7\u00e3o das instala\u00e7\u00f5es at\u00e9 \u00e0 gest\u00e3o e fatura\u00e7\u00e3o aos participantes do autoconsumo coletivo<\/em>\u201d, explica <strong>Vitor Delphim, Fundador e CEO da Enermatch.<\/strong><\/p>\n<p>Os interessados poder\u00e3o consultar as condi\u00e7\u00f5es da iniciativa, verificar a sua elegibilidade e fazer a sua simula\u00e7\u00e3o de poupan\u00e7a em <a href=\"https:\/\/luzpartilhada.pt\/?utm_source=lightsourcebp_pr&amp;utm_medium=earned_media&amp;utm_campaign=luz_partilhada_launch&amp;utm_content=luz_partilhada\">luzpartilhada.pt<\/a>.<\/p>\n\n        <\/span>\n      <\/div>\n    <\/div>\n  <\/div>\n\n  <div class=\"pt-30 pt-lg-30\"><\/div>\n<\/section>\n\n\n<section class=\"multi-column-cards align block_acf-block-6a97fdd41c78e block bg-color-orange-3-percent\">\n  <div class=\"pt-30 pt-lg-30\"><\/div>\n\n  <div class=\"container\">\n    <div class=\"row\">\n      <div class=\"col-12\">\n                <h3 class=\"mb-35\">Not\u00edcias<\/h3>\n      <\/div>\n    <\/div>\n    <div class=\"row\">\n                        <div class=\"col-12 col-lg-4 mb-30\">\n  <div class=\"multi-column-cards__image-container h-300px h-lg-250px\">\n    <a href=\"https:\/\/lightsourcebp.com\/pt\/news\/lightsource-bp-e-meta-fortalecem-parceria-com-novo-contrato-de-aquisicao-de-energia-nos-estados-unidos\/\" class=\"d-block w-100 h-100\">\n      <picture><source srcset=\"https:\/\/lightsourcebp.com\/app\/uploads\/2026\/07\/Bellflower-Solar-Gallery-image-7-aspect-ratio-315-195-1200x743.jpg 1200w, https:\/\/lightsourcebp.com\/app\/uploads\/2026\/07\/Bellflower-Solar-Gallery-image-7-aspect-ratio-315-195-300x186.jpg 300w, https:\/\/lightsourcebp.com\/app\/uploads\/2026\/07\/Bellflower-Solar-Gallery-image-7-aspect-ratio-315-195-1024x634.jpg 1024w, https:\/\/lightsourcebp.com\/app\/uploads\/2026\/07\/Bellflower-Solar-Gallery-image-7-aspect-ratio-315-195-80x50.jpg 80w, https:\/\/lightsourcebp.com\/app\/uploads\/2026\/07\/Bellflower-Solar-Gallery-image-7-aspect-ratio-315-195-150x93.jpg 150w, https:\/\/lightsourcebp.com\/app\/uploads\/2026\/07\/Bellflower-Solar-Gallery-image-7-aspect-ratio-315-195-450x279.jpg 450w, https:\/\/lightsourcebp.com\/app\/uploads\/2026\/07\/Bellflower-Solar-Gallery-image-7-aspect-ratio-315-195-767x475.jpg 767w, https:\/\/lightsourcebp.com\/app\/uploads\/2026\/07\/Bellflower-Solar-Gallery-image-7-aspect-ratio-315-195-1000x619.jpg 1000w, https:\/\/lightsourcebp.com\/app\/uploads\/2026\/07\/Bellflower-Solar-Gallery-image-7-aspect-ratio-315-195-1600x990.jpg 1600w, https:\/\/lightsourcebp.com\/app\/uploads\/2026\/07\/Bellflower-Solar-Gallery-image-7-aspect-ratio-315-195-1920x1188.jpg 1920w\" sizes=\"\"><img loading=\"lazy\" decoding=\"async\" src=\"https:\/\/lightsourcebp.com\/app\/uploads\/2026\/07\/Bellflower-Solar-Gallery-image-7-aspect-ratio-315-195-1200x743.jpg\" alt=\"\" width=\"1200\" height=\"743\" class=\"w-100 h-100 object-fit-cover\"><\/picture>\n    <\/a>\n  <\/div>\n      <p class=\"mt-20 mb-10 font-size-paragraph-small\">24 Jul, 2026<\/p>\n    <a class=\"text-decoration-none text-decoration-sm-underline-hover\" href=\"https:\/\/lightsourcebp.com\/pt\/news\/lightsource-bp-e-meta-fortalecem-parceria-com-novo-contrato-de-aquisicao-de-energia-nos-estados-unidos\/\">\n    <h5 class=\"mb-15 fg-color-navy\">Lightsource bp e Meta fortalecem parceria com novo contrato de aquisi\u00e7\u00e3o de energia nos Estados Unidos<\/h5>\n  <\/a>\n      <p class=\"mb-15 line-height-level-6\">A Meta assinou um contrato de aquisi\u00e7\u00e3o de energia (PPA) com a Lightsource bp associado ao novo projeto do Parque Fotovoltaico Mowata, no Louisiana (Estados Unidos).<\/p>\n    <p><a href=\"https:\/\/lightsourcebp.com\/pt\/news\/lightsource-bp-e-meta-fortalecem-parceria-com-novo-contrato-de-aquisicao-de-energia-nos-estados-unidos\/\">Leia a hist\u00f3ria <span class=\"ml-10\"><svg xmlns=\"http:\/\/www.w3.org\/2000\/svg\" width=\"8\" height=\"14\" fill=\"none\"><path stroke=\"currentColor\" stroke-linecap=\"round\" stroke-linejoin=\"round\" stroke-width=\"2\" d=\"M1 13l6-6-6-6\"\/><\/svg><\/span><\/a><\/p>\n<\/div>\n                  <div class=\"col-12 col-lg-4 mb-30\">\n  <div class=\"multi-column-cards__image-container h-300px h-lg-250px\">\n    <a href=\"https:\/\/lightsourcebp.com\/pt\/news\/lightsource-bp-e-adene-estabelecem-parceria-para-promover-a-literacia-energetica-e-apoiar-a-transicao-energetica-em-portugal\/\" class=\"d-block w-100 h-100\">\n      <picture><source srcset=\"https:\/\/lightsourcebp.com\/app\/uploads\/2026\/07\/PRT-News-ADENE-Partnership-featured-aspect-ratio-315-195-1200x743.jpg 1200w, https:\/\/lightsourcebp.com\/app\/uploads\/2026\/07\/PRT-News-ADENE-Partnership-featured-aspect-ratio-315-195-300x186.jpg 300w, https:\/\/lightsourcebp.com\/app\/uploads\/2026\/07\/PRT-News-ADENE-Partnership-featured-aspect-ratio-315-195-1024x634.jpg 1024w, https:\/\/lightsourcebp.com\/app\/uploads\/2026\/07\/PRT-News-ADENE-Partnership-featured-aspect-ratio-315-195-80x50.jpg 80w, https:\/\/lightsourcebp.com\/app\/uploads\/2026\/07\/PRT-News-ADENE-Partnership-featured-aspect-ratio-315-195-150x93.jpg 150w, https:\/\/lightsourcebp.com\/app\/uploads\/2026\/07\/PRT-News-ADENE-Partnership-featured-aspect-ratio-315-195-450x279.jpg 450w, https:\/\/lightsourcebp.com\/app\/uploads\/2026\/07\/PRT-News-ADENE-Partnership-featured-aspect-ratio-315-195-767x475.jpg 767w, https:\/\/lightsourcebp.com\/app\/uploads\/2026\/07\/PRT-News-ADENE-Partnership-featured-aspect-ratio-315-195-1000x619.jpg 1000w, https:\/\/lightsourcebp.com\/app\/uploads\/2026\/07\/PRT-News-ADENE-Partnership-featured-aspect-ratio-315-195-1600x991.jpg 1600w, https:\/\/lightsourcebp.com\/app\/uploads\/2026\/07\/PRT-News-ADENE-Partnership-featured-aspect-ratio-315-195.jpg 1854w\" sizes=\"\"><img loading=\"lazy\" decoding=\"async\" src=\"https:\/\/lightsourcebp.com\/app\/uploads\/2026\/07\/PRT-News-ADENE-Partnership-featured-aspect-ratio-315-195-1200x743.jpg\" alt=\"\" width=\"1200\" height=\"743\" class=\"w-100 h-100 object-fit-cover\"><\/picture>\n    <\/a>\n  <\/div>\n      <p class=\"mt-20 mb-10 font-size-paragraph-small\">21 Jul, 2026<\/p>\n    <a class=\"text-decoration-none text-decoration-sm-underline-hover\" href=\"https:\/\/lightsourcebp.com\/pt\/news\/lightsource-bp-e-adene-estabelecem-parceria-para-promover-a-literacia-energetica-e-apoiar-a-transicao-energetica-em-portugal\/\">\n    <h5 class=\"mb-15 fg-color-navy\">Lightsource bp e ADENE estabelecem parceria para promover a literacia energ\u00e9tica e apoiar a transi\u00e7\u00e3o energ\u00e9tica em Portugal<\/h5>\n  <\/a>\n      <p class=\"mb-15 line-height-level-6\">A parceria prev\u00ea a\u00e7\u00f5es conjuntas de informa\u00e7\u00e3o, forma\u00e7\u00e3o e sensibiliza\u00e7\u00e3o para refor\u00e7ar a literacia energ\u00e9tica e promover uma participa\u00e7\u00e3o mais informada dos cidad\u00e3os.<\/p>\n    <p><a href=\"https:\/\/lightsourcebp.com\/pt\/news\/lightsource-bp-e-adene-estabelecem-parceria-para-promover-a-literacia-energetica-e-apoiar-a-transicao-energetica-em-portugal\/\">Leia a hist\u00f3ria <span class=\"ml-10\"><svg xmlns=\"http:\/\/www.w3.org\/2000\/svg\" width=\"8\" height=\"14\" fill=\"none\"><path stroke=\"currentColor\" stroke-linecap=\"round\" stroke-linejoin=\"round\" stroke-width=\"2\" d=\"M1 13l6-6-6-6\"\/><\/svg><\/span><\/a><\/p>\n<\/div>\n                  <div class=\"col-12 col-lg-4 mb-30\">\n  <div class=\"multi-column-cards__image-container h-300px h-lg-250px\">\n    <a href=\"https:\/\/lightsourcebp.com\/pt\/news\/celebrando-o-dia-europeu-da-energia-solar\/\" class=\"d-block w-100 h-100\">\n      <picture><source srcset=\"https:\/\/lightsourcebp.com\/app\/uploads\/2026\/06\/2021-04-07-07.29.50-VENDIMIA-Plonsky-Cam-A-1482-Edit-MED-scaled-e1627896791593-3-aspect-ratio-315-195-2-1200x743.jpg 1200w, https:\/\/lightsourcebp.com\/app\/uploads\/2026\/06\/2021-04-07-07.29.50-VENDIMIA-Plonsky-Cam-A-1482-Edit-MED-scaled-e1627896791593-3-aspect-ratio-315-195-2-300x186.jpg 300w, https:\/\/lightsourcebp.com\/app\/uploads\/2026\/06\/2021-04-07-07.29.50-VENDIMIA-Plonsky-Cam-A-1482-Edit-MED-scaled-e1627896791593-3-aspect-ratio-315-195-2-1024x634.jpg 1024w, https:\/\/lightsourcebp.com\/app\/uploads\/2026\/06\/2021-04-07-07.29.50-VENDIMIA-Plonsky-Cam-A-1482-Edit-MED-scaled-e1627896791593-3-aspect-ratio-315-195-2-80x50.jpg 80w, https:\/\/lightsourcebp.com\/app\/uploads\/2026\/06\/2021-04-07-07.29.50-VENDIMIA-Plonsky-Cam-A-1482-Edit-MED-scaled-e1627896791593-3-aspect-ratio-315-195-2-150x93.jpg 150w, https:\/\/lightsourcebp.com\/app\/uploads\/2026\/06\/2021-04-07-07.29.50-VENDIMIA-Plonsky-Cam-A-1482-Edit-MED-scaled-e1627896791593-3-aspect-ratio-315-195-2-450x279.jpg 450w, https:\/\/lightsourcebp.com\/app\/uploads\/2026\/06\/2021-04-07-07.29.50-VENDIMIA-Plonsky-Cam-A-1482-Edit-MED-scaled-e1627896791593-3-aspect-ratio-315-195-2-767x475.jpg 767w, https:\/\/lightsourcebp.com\/app\/uploads\/2026\/06\/2021-04-07-07.29.50-VENDIMIA-Plonsky-Cam-A-1482-Edit-MED-scaled-e1627896791593-3-aspect-ratio-315-195-2-1000x619.jpg 1000w, https:\/\/lightsourcebp.com\/app\/uploads\/2026\/06\/2021-04-07-07.29.50-VENDIMIA-Plonsky-Cam-A-1482-Edit-MED-scaled-e1627896791593-3-aspect-ratio-315-195-2-1600x990.jpg 1600w, https:\/\/lightsourcebp.com\/app\/uploads\/2026\/06\/2021-04-07-07.29.50-VENDIMIA-Plonsky-Cam-A-1482-Edit-MED-scaled-e1627896791593-3-aspect-ratio-315-195-2-1920x1189.jpg 1920w\" sizes=\"\"><img loading=\"lazy\" decoding=\"async\" src=\"https:\/\/lightsourcebp.com\/app\/uploads\/2026\/06\/2021-04-07-07.29.50-VENDIMIA-Plonsky-Cam-A-1482-Edit-MED-scaled-e1627896791593-3-aspect-ratio-315-195-2-1200x743.jpg\" alt=\"\" width=\"1200\" height=\"743\" class=\"w-100 h-100 object-fit-cover\"><\/picture>\n    <\/a>\n  <\/div>\n      <p class=\"mt-20 mb-10 font-size-paragraph-small\">19 Jun, 2026<\/p>\n    <a class=\"text-decoration-none text-decoration-sm-underline-hover\" href=\"https:\/\/lightsourcebp.com\/pt\/news\/celebrando-o-dia-europeu-da-energia-solar\/\">\n    <h5 class=\"mb-15 fg-color-navy\">Celebrando o Dia Europeu da Energia Solar<\/h5>\n  <\/a>\n      <p class=\"mb-15 line-height-level-6\">Lightsource bp celebra \u201cSolar Stories\u201d, destacando projetos solares em toda a Europa que abastecem casas, apoiam a biodiversidade e impulsionam a transi\u00e7\u00e3o energ\u00e9tica.<\/p>\n    <p><a href=\"https:\/\/lightsourcebp.com\/pt\/news\/celebrando-o-dia-europeu-da-energia-solar\/\">Leia a hist\u00f3ria <span class=\"ml-10\"><svg xmlns=\"http:\/\/www.w3.org\/2000\/svg\" width=\"8\" height=\"14\" fill=\"none\"><path stroke=\"currentColor\" stroke-linecap=\"round\" stroke-linejoin=\"round\" stroke-width=\"2\" d=\"M1 13l6-6-6-6\"\/><\/svg><\/span><\/a><\/p>\n<\/div>\n                  <\/div>\n  <\/div>\n\n  <div class=\"pt-60 pt-lg-100\"><\/div>\n<\/section>\n","protected":false},"excerpt":{"rendered":"","protected":false},"author":53,"featured_media":489521,"comment_status":"closed","ping_status":"closed","sticky":false,"template":"","format":"standard","meta":{"_acf_changed":false,"inline_featured_image":false,"footnotes":""},"categories":[646],"tags":[],"filter_by":[647],"filter_tags":[],"class_list":["post-489520","post","type-post","status-publish","format-standard","has-post-thumbnail","hentry","category-corporate-en-ie-pt","filter_by-news-pt"],"acf":[],"aioseo_notices":[],"_links":{"self":[{"href":"https:\/\/lightsourcebp.com\/pt\/wp-json\/wp\/v2\/posts\/489520","targetHints":{"allow":["GET"]}}],"collection":[{"href":"https:\/\/lightsourcebp.com\/pt\/wp-json\/wp\/v2\/posts"}],"about":[{"href":"https:\/\/lightsourcebp.com\/pt\/wp-json\/wp\/v2\/types\/post"}],"author":[{"embeddable":true,"href":"https:\/\/lightsourcebp.com\/pt\/wp-json\/wp\/v2\/users\/53"}],"replies":[{"embeddable":true,"href":"https:\/\/lightsourcebp.com\/pt\/wp-json\/wp\/v2\/comments?post=489520"}],"version-history":[{"count":7,"href":"https:\/\/lightsourcebp.com\/pt\/wp-json\/wp\/v2\/posts\/489520\/revisions"}],"predecessor-version":[{"id":489530,"href":"https:\/\/lightsourcebp.com\/pt\/wp-json\/wp\/v2\/posts\/489520\/revisions\/489530"}],"wp:featuredmedia":[{"embeddable":true,"href":"https:\/\/lightsourcebp.com\/pt\/wp-json\/wp\/v2\/media\/489521"}],"wp:attachment":[{"href":"https:\/\/lightsourcebp.com\/pt\/wp-json\/wp\/v2\/media?parent=489520"}],"wp:term":[{"taxonomy":"category","embeddable":true,"href":"https:\/\/lightsourcebp.com\/pt\/wp-json\/wp\/v2\/categories?post=489520"},{"taxonomy":"post_tag","embeddable":true,"href":"https:\/\/lightsourcebp.com\/pt\/wp-json\/wp\/v2\/tags?post=489520"},{"taxonomy":"filter_by","embeddable":true,"href":"https:\/\/lightsourcebp.com\/pt\/wp-json\/wp\/v2\/filter_by?post=489520"},{"taxonomy":"filter_tags","embeddable":true,"href":"https:\/\/lightsourcebp.com\/pt\/wp-json\/wp\/v2\/filter_tags?post=489520"}],"curies":[{"name":"wp","href":"https:\/\/api.w.org\/{rel}","templated":true}]}}